{"id":1907,"date":"2019-04-16T15:57:55","date_gmt":"2019-04-16T15:57:55","guid":{"rendered":"http:\/\/leversens.com\/?p=1907"},"modified":"2020-01-20T15:07:00","modified_gmt":"2020-01-20T15:07:00","slug":"gerencia-de-proyectos-con-cadena-critica","status":"publish","type":"post","link":"https:\/\/leversens.com\/en\/gerencia-de-proyectos-con-cadena-critica\/","title":{"rendered":"Project Management with Critical Chain"},"content":{"rendered":"<p>[et_pb_section fb_built=\u00bb1&#8243; _builder_version=\u00bb3.22&#8243; custom_padding=\u00bb0|0px|44.3906px|0px|false|false\u00bb][et_pb_row _builder_version=\u00bb3.25&#8243;][et_pb_column type=\u00bb4_4&#8243; _builder_version=\u00bb3.25&#8243; custom_padding=\u00bb|||\u00bb custom_padding__hover=\u00bb|||\u00bb][et_pb_text _builder_version=\u00bb3.7&#8243;]<\/p>\n<h3><span style=\"color: #000000;\">\u00bfPor qu\u00e9 cambiar?<\/span><\/h3>\n<p>[\/et_pb_text][\/et_pb_column][\/et_pb_row][et_pb_row custom_padding=\u00bb0|0px|22.1875px|0px|false|false\u00bb _builder_version=\u00bb3.25&#8243;][et_pb_column type=\u00bb4_4&#8243; _builder_version=\u00bb3.25&#8243; custom_padding=\u00bb|||\u00bb custom_padding__hover=\u00bb|||\u00bb][et_pb_text _builder_version=\u00bb3.7&#8243;]<\/p>\n<p style=\"text-align: justify;\">\u00bfPor qu\u00e9 considerar cambiar la gerencia de proyectos actual? Cualquier cambio debe responder a una de dos posibles situaciones. La primera situaci\u00f3n es lograr un mejor resultado al que se tiene actualmente y la segunda es tratar de resolver problemas que hoy en d\u00eda existen y no se han logrado superar. En la gerencia de proyectos actual, encontramos las dos situaciones.<\/p>\n<p style=\"text-align: justify;\">La necesidad de aumentar la velocidad en la entrega de los proyectos existe debido a que la competencia es cada vez m\u00e1s agresiva, con productos y servicios m\u00e1s econ\u00f3micos y de mejor calidad, en este entorno la necesidad de desarrollar proyectos con cada vez m\u00e1s velocidad es una situaci\u00f3n que toma m\u00e1s importancia. Las metodolog\u00edas tradicionales tratan de imponer m\u00e1s precisi\u00f3n o m\u00e1s control sobre los planes y acciones, pero no mejoran sustancialmente el tiempo de entrega de los proyectos.<\/p>\n<p style=\"text-align: justify;\">De igual manera, es com\u00fan encontrar en los proyectos una serie de situaciones negativas que impulsan a buscar mejores maneras de operar. Entre los principales problemas podemos encontrar: Los costos reales sobre pasan los inicialmente definidos; el tiempo de entrega toma m\u00e1s tiempo que el planeado; pese a medidas de control m\u00e1s exigentes, la visibilidad del proyecto no es clara; los recursos y responsables en la ejecuci\u00f3n de las tareas no est\u00e1n sincronizados; se realizan cambios y ajustes durante el desarrollo del proyecto; los recursos no est\u00e1n disponibles en momentos cr\u00edticos del proyecto; los conflictos entre las \u00e1reas, responsables, clientes y proveedores es cada vez mayor; y la rentabilidad no cumple los niveles ideales, entre otros.<\/p>\n<p>[\/et_pb_text][et_pb_text _builder_version=\u00bb3.7&#8243;]<\/p>\n<h3><span style=\"color: #000000;\">Direcci\u00f3n de la soluci\u00f3n<\/span><\/h3>\n<p>[\/et_pb_text][\/et_pb_column][\/et_pb_row][et_pb_row custom_padding=\u00bb0|0px|22.1875px|0px|false|false\u00bb _builder_version=\u00bb3.25&#8243;][et_pb_column type=\u00bb4_4&#8243; _builder_version=\u00bb3.25&#8243; custom_padding=\u00bb|||\u00bb custom_padding__hover=\u00bb|||\u00bb][et_pb_text _builder_version=\u00bb3.7&#8243;]<\/p>\n<p style=\"text-align: justify;\">La aproximaci\u00f3n de la gerencia tradicional busca tener soluciones para cada uno de los problemas, omitiendo las relaciones causales que existen en cualquier organizaci\u00f3n. Dichas soluciones, requieren m\u00e1s tiempo de las personas involucradas y por lo tanto les resta capacidad productiva, entrando as\u00ed a un ciclo negativo que lleva a la percepci\u00f3n de insuficiencia de recursos constantemente.<\/p>\n<p style=\"text-align: justify;\">En 1.986 debido a la necesidad de mejorar la gesti\u00f3n de proyectos en Statoil, empresa noruega de explotaci\u00f3n petrolera, se gesta lo que hoy en d\u00eda se conoce como Gerencia de Proyectos con Cadena Cr\u00edtica o CCPM por sus siglas en ingl\u00e9s (Critical Chain Project Management). Esta empresa busc\u00f3 al Dr. Eliyahu Goldratt experto mundial en manufactura y reconocido por el libro \u201cLa Meta\u201d, para que analizara sus procesos y les propusiera una forma de mejorar, de esta requisici\u00f3n nace CCPM. Esta metodolog\u00eda entra a proponer una serie de paradigmas que cuestionan la manera tradicional de planear y administrar los proyectos y de esta manera logra resultados sin precedentes en las organizaciones que implementan estos principios.<\/p>\n<p>[\/et_pb_text][et_pb_text _builder_version=\u00bb3.7&#8243;]<\/p>\n<h3><span style=\"color: #000000;\">Gerencia de proyectos con cadena cr\u00edtica<\/span><\/h3>\n<p>[\/et_pb_text][\/et_pb_column][\/et_pb_row][et_pb_row custom_padding=\u00bb0|0px|0|0px|false|false\u00bb _builder_version=\u00bb3.25&#8243;][et_pb_column type=\u00bb4_4&#8243; _builder_version=\u00bb3.25&#8243; custom_padding=\u00bb|||\u00bb custom_padding__hover=\u00bb|||\u00bb][et_pb_text _builder_version=\u00bb3.7&#8243;]<\/p>\n<p style=\"text-align: justify;\">Dentro de los principales elementos que caracterizan la Gerencia de Proyectos con Cadena Cr\u00edtica se pueden describir los siguientes:<\/p>\n<p style=\"text-align: justify;\"><strong>Evitar la sobre producci\u00f3n:<\/strong><\/p>\n<p style=\"text-align: justify;\">Teniendo en cuenta la posibilidad de tener varios proyectos en ejecuci\u00f3n o varias tareas en un mismo proyecto, esta situaci\u00f3n permite la activaci\u00f3n de multitareas. Esto genera una limitada dedicaci\u00f3n a una tarea\/proyecto y pasar a ejecutar una tarea diferente. La consecuencia del manejo de multitareas es la reducci\u00f3n de la calidad en las actividades realizadas, el aumento de tiempo de ejecuci\u00f3n y el aumento en los tiempos de entrega. Estos tres elementos ocasionan baja sincronizaci\u00f3n y baja productividad del equipo de trabajo. La Gerencia de Proyectos con Cadena Cr\u00edtica promueve la reducci\u00f3n de multitareas con diferentes mecanismos de congelaci\u00f3n de actividades, lo cual permite aumentar la velocidad de entrega de las actividades en ejecuci\u00f3n, el mayor enfoque del responsable de las tareas, el aumento en la calidad de las tareas y en consecuencia aumentar la capacidad de entrega en los proyectos con los mismos recursos.<\/p>\n<p style=\"text-align: justify;\"><strong>Eliminar los \u00f3ptimos locales:<\/strong><\/p>\n<p style=\"text-align: justify;\">El origen sist\u00e9mico de la Gerencia de Proyectos con Cadena Cr\u00edtica dedica su atenci\u00f3n al logro del objetivo del sistema y subordina las actividades individuales al logro del objetivo mayor. Por lo tanto, esta metodolog\u00eda implica eliminar las fechas intermedias de las actividades y la protecci\u00f3n individual (en tiempo) de las tareas que esto implica. La agregaci\u00f3n de seguridad para todo el proyecto es la sugerencia de esta metodolog\u00eda. Este mecanismo se conoce como amortiguador y aplica tanto para la cadena de actividades dependientes contemplando los recursos \u2013 que es la Cadena Cr\u00edtica \u2013 como para las cadenas de actividades que sin ser cr\u00edticas son necesarias para el desarrollo exitoso del proyecto. De esta manera se define el amortiguador del proyecto y los amortiguadores de alimentaci\u00f3n.<\/p>\n<p style=\"text-align: justify;\">\n<p style=\"text-align: justify;\">\n<p>[\/et_pb_text][\/et_pb_column][\/et_pb_row][et_pb_row custom_padding=\u00bb0|0px|22.1875px|0px|false|false\u00bb _builder_version=\u00bb3.25&#8243;][et_pb_column type=\u00bb4_4&#8243; _builder_version=\u00bb3.25&#8243; custom_padding=\u00bb|||\u00bb custom_padding__hover=\u00bb|||\u00bb][et_pb_text _builder_version=\u00bb3.7&#8243;]<\/p>\n<h4><strong>Adoptar un mecanismo predictivo y de mejoramiento<\/strong><\/h4>\n<p>[\/et_pb_text][et_pb_text _builder_version=\u00bb3.7&#8243;]Una vez definido el amortiguador del proyecto, el cual est\u00e1 recibiendo de manera centralizada todas las demoras o variaciones del consumo de tiempo, se definen zonas de alarma que permiten establecer un modelo predictivo que permita tomar acciones antes de poner en peligro el cumplimiento de la fecha final prometida del proyecto. Este mecanismo se conoce como Gerencia del Amortiguador y representa un gr\u00e1fico donde el eje horizontal representa el avance de la Cadena Cr\u00edtica y el eje vertical representa el consumo del amortiguador, esta gr\u00e1fica se identifica con tres colores (verde, amarillo y rojo) que representan el grado de criticidad del proyecto. As\u00ed el mecanismo permite identificar que tanta protecci\u00f3n se est\u00e1 consumiendo en proporci\u00f3n al avance de las actividades cr\u00edticas. Con esta visibilidad, las acciones a tomar ser\u00e1n enfocadas y de alto impacto para la administraci\u00f3n y entrega del proyecto.<\/p>\n<p>.[\/et_pb_text][\/et_pb_column][\/et_pb_row][et_pb_row custom_padding=\u00bb0|0px|22.1875px|0px|false|false\u00bb _builder_version=\u00bb3.25&#8243;][et_pb_column type=\u00bb4_4&#8243; _builder_version=\u00bb3.25&#8243; custom_padding=\u00bb|||\u00bb custom_padding__hover=\u00bb|||\u00bb][et_pb_text _builder_version=\u00bb3.7&#8243;]<\/p>\n<h3><span style=\"color: #000000;\">Conclusi\u00f3n<\/span><\/h3>\n<p>[\/et_pb_text][et_pb_text _builder_version=\u00bb3.7&#8243;]<\/p>\n<p style=\"text-align: justify;\">Uno de los beneficios m\u00e1s grandes en implementar esta metodolog\u00eda, es el logro de un trabajo en equipo genuino, donde las personas est\u00e1n alineadas hacia el mismo fin y en donde la colaboraci\u00f3n nace de un inter\u00e9s honesto en lograr beneficios para todos los involucrados en el proyecto.<\/p>\n<p style=\"text-align: justify;\">El logro de resultados diferentes implica acciones diferentes, pero este proceso debe llevarse a cabo con cautela ya que se est\u00e1 saliendo de la zona de confort de quien lo implementa. As\u00ed que se recomienda un proceso sistem\u00e1tico, gradual, para aprender y establecer un ciclo de mejoramiento basado en la experiencia y aplicaci\u00f3n de esta metodolog\u00eda llamada Gerencia de Proyectos con Cadena Cr\u00edtica.<\/p>\n<p>[\/et_pb_text][\/et_pb_column][\/et_pb_row][et_pb_row _builder_version=\u00bb3.25&#8243; column_structure=\u00bb2_3,1_3&#8243;][et_pb_column type=\u00bb2_3&#8243; _builder_version=\u00bb3.25&#8243; custom_padding=\u00bb|||\u00bb custom_padding__hover=\u00bb|||\u00bb][et_pb_text _builder_version=\u00bb3.7&#8243;]<span>Si este art\u00edculo es de tu agrado te podr\u00eda interesar tambi\u00e9n \u201c<\/span><span>La zona gris\u201d<\/span>[\/et_pb_text][\/et_pb_column][et_pb_column type=\u00bb1_3&#8243; _builder_version=\u00bb3.25&#8243; custom_padding=\u00bb|||\u00bb custom_padding__hover=\u00bb|||\u00bb][et_pb_button button_url=\u00bbhttps:\/\/leversens.com\/la-zona-gris\/\u00bb button_text=\u00bbHaz Click Aqu\u00ed\u00bb button_alignment=\u00bbleft\u00bb _builder_version=\u00bb3.16&#8243; custom_button=\u00bbon\u00bb button_text_color=\u00bb#000000&#8243; button_border_width=\u00bb0px\u00bb button_font=\u00bb||||||||\u00bb box_shadow_style=\u00bbpreset4&#8243; box_shadow_horizontal=\u00bb4px\u00bb box_shadow_vertical=\u00bb4px\u00bb box_shadow_color=\u00bb#E09900&#8243; custom_margin=\u00bb-23px|||-50px||\u00bb button_text_size__hover_enabled=\u00bboff\u00bb button_one_text_size__hover_enabled=\u00bboff\u00bb button_two_text_size__hover_enabled=\u00bboff\u00bb button_text_color__hover_enabled=\u00bboff\u00bb button_one_text_color__hover_enabled=\u00bboff\u00bb button_two_text_color__hover_enabled=\u00bboff\u00bb button_border_width__hover_enabled=\u00bboff\u00bb button_one_border_width__hover_enabled=\u00bboff\u00bb button_two_border_width__hover_enabled=\u00bboff\u00bb button_border_color__hover_enabled=\u00bboff\u00bb button_one_border_color__hover_enabled=\u00bboff\u00bb button_two_border_color__hover_enabled=\u00bboff\u00bb button_border_radius__hover_enabled=\u00bboff\u00bb button_one_border_radius__hover_enabled=\u00bboff\u00bb button_two_border_radius__hover_enabled=\u00bboff\u00bb button_letter_spacing__hover_enabled=\u00bboff\u00bb button_one_letter_spacing__hover_enabled=\u00bboff\u00bb button_two_letter_spacing__hover_enabled=\u00bboff\u00bb button_bg_color__hover_enabled=\u00bboff\u00bb button_one_bg_color__hover_enabled=\u00bboff\u00bb button_two_bg_color__hover_enabled=\u00bboff\u00bb][\/et_pb_button][\/et_pb_column][\/et_pb_row][\/et_pb_section]<\/p>\n","protected":false},"excerpt":{"rendered":"<p>\u00bfPor qu\u00e9 cambiar?\u00bfPor qu\u00e9 considerar cambiar la gerencia de proyectos actual? Cualquier cambio debe responder a una de dos posibles situaciones. La primera situaci\u00f3n es lograr un mejor resultado al que se tiene actualmente y la segunda es tratar de resolver problemas que hoy en d\u00eda existen y no se han logrado superar. En la [&hellip;]<\/p>\n","protected":false},"author":1,"featured_media":1908,"comment_status":"open","ping_status":"open","sticky":false,"template":"","format":"standard","meta":{"_et_pb_use_builder":"on","_et_pb_old_content":"","_et_gb_content_width":"","footnotes":""},"categories":[22],"tags":[],"class_list":["post-1907","post","type-post","status-publish","format-standard","has-post-thumbnail","hentry","category-informacion-y-novedades"],"yoast_head":"<!-- This site is optimized with the Yoast SEO plugin v27.4 - https:\/\/yoast.com\/product\/yoast-seo-wordpress\/ -->\n<title>Gerencia de Proyectos con Cadena Cr\u00edtica - Leversens<\/title>\n<meta name=\"description\" content=\"Gerencia de Proyectos con Cadena Cr\u00edtica dedica su atenci\u00f3n al logro del objetivo del sistema y subordina las actividades individuales al logro mayor.\" \/>\n<meta name=\"robots\" content=\"index, follow, max-snippet:-1, max-image-preview:large, max-video-preview:-1\" \/>\n<link rel=\"canonical\" href=\"https:\/\/leversens.com\/en\/gerencia-de-proyectos-con-cadena-critica\/\" \/>\n<meta property=\"og:locale\" content=\"en_US\" \/>\n<meta property=\"og:type\" content=\"article\" \/>\n<meta property=\"og:title\" content=\"Gerencia de Proyectos con Cadena Cr\u00edtica - Leversens\" \/>\n<meta property=\"og:description\" content=\"Gerencia de Proyectos con Cadena Cr\u00edtica dedica su atenci\u00f3n al logro del objetivo del sistema y subordina las actividades individuales al logro mayor.\" \/>\n<meta property=\"og:url\" content=\"https:\/\/leversens.com\/en\/gerencia-de-proyectos-con-cadena-critica\/\" \/>\n<meta property=\"og:site_name\" content=\"Leversens\" \/>\n<meta property=\"article:published_time\" content=\"2019-04-16T15:57:55+00:00\" \/>\n<meta property=\"article:modified_time\" content=\"2020-01-20T15:07:00+00:00\" \/>\n<meta property=\"og:image\" content=\"https:\/\/leversens.com\/wp-content\/uploads\/2019\/04\/Gerencia-de-proyectos-con-Cadena-Cr\u00b0tica-1024x394.jpg\" \/>\n\t<meta property=\"og:image:width\" content=\"1024\" \/>\n\t<meta property=\"og:image:height\" content=\"394\" \/>\n\t<meta property=\"og:image:type\" content=\"image\/jpeg\" \/>\n<meta name=\"author\" content=\"Hector Miguel\" \/>\n<meta name=\"twitter:card\" content=\"summary_large_image\" \/>\n<meta name=\"twitter:label1\" content=\"Written by\" \/>\n\t<meta name=\"twitter:data1\" content=\"Hector Miguel\" \/>\n\t<meta name=\"twitter:label2\" content=\"Est. reading time\" \/>\n\t<meta name=\"twitter:data2\" content=\"8 minutes\" \/>\n<script type=\"application\/ld+json\" class=\"yoast-schema-graph\">{\"@context\":\"https:\\\/\\\/schema.org\",\"@graph\":[{\"@type\":\"Article\",\"@id\":\"https:\\\/\\\/leversens.com\\\/gerencia-de-proyectos-con-cadena-critica\\\/#article\",\"isPartOf\":{\"@id\":\"https:\\\/\\\/leversens.com\\\/gerencia-de-proyectos-con-cadena-critica\\\/\"},\"author\":{\"name\":\"Hector Miguel\",\"@id\":\"https:\\\/\\\/leversens.com\\\/#\\\/schema\\\/person\\\/73c1498aa663e0a78aab6f953eef1c6f\"},\"headline\":\"Gerencia de Proyectos con Cadena Cr\u00edtica\",\"datePublished\":\"2019-04-16T15:57:55+00:00\",\"dateModified\":\"2020-01-20T15:07:00+00:00\",\"mainEntityOfPage\":{\"@id\":\"https:\\\/\\\/leversens.com\\\/gerencia-de-proyectos-con-cadena-critica\\\/\"},\"wordCount\":1604,\"commentCount\":0,\"image\":{\"@id\":\"https:\\\/\\\/leversens.com\\\/gerencia-de-proyectos-con-cadena-critica\\\/#primaryimage\"},\"thumbnailUrl\":\"https:\\\/\\\/leversens.com\\\/wp-content\\\/uploads\\\/2019\\\/04\\\/Gerencia-de-proyectos-con-Cadena-Cr\u00b0tica-1024x394.jpg\",\"articleSection\":[\"Informaci\u00f3n y novedades\"],\"inLanguage\":\"en-US\",\"potentialAction\":[{\"@type\":\"CommentAction\",\"name\":\"Comment\",\"target\":[\"https:\\\/\\\/leversens.com\\\/gerencia-de-proyectos-con-cadena-critica\\\/#respond\"]}]},{\"@type\":\"WebPage\",\"@id\":\"https:\\\/\\\/leversens.com\\\/gerencia-de-proyectos-con-cadena-critica\\\/\",\"url\":\"https:\\\/\\\/leversens.com\\\/gerencia-de-proyectos-con-cadena-critica\\\/\",\"name\":\"Gerencia de Proyectos con Cadena Cr\u00edtica - Leversens\",\"isPartOf\":{\"@id\":\"https:\\\/\\\/leversens.com\\\/#website\"},\"primaryImageOfPage\":{\"@id\":\"https:\\\/\\\/leversens.com\\\/gerencia-de-proyectos-con-cadena-critica\\\/#primaryimage\"},\"image\":{\"@id\":\"https:\\\/\\\/leversens.com\\\/gerencia-de-proyectos-con-cadena-critica\\\/#primaryimage\"},\"thumbnailUrl\":\"https:\\\/\\\/leversens.com\\\/wp-content\\\/uploads\\\/2019\\\/04\\\/Gerencia-de-proyectos-con-Cadena-Cr\u00b0tica-1024x394.jpg\",\"datePublished\":\"2019-04-16T15:57:55+00:00\",\"dateModified\":\"2020-01-20T15:07:00+00:00\",\"author\":{\"@id\":\"https:\\\/\\\/leversens.com\\\/#\\\/schema\\\/person\\\/73c1498aa663e0a78aab6f953eef1c6f\"},\"description\":\"Gerencia de Proyectos con Cadena Cr\u00edtica dedica su atenci\u00f3n al logro del objetivo del sistema y subordina las actividades individuales al logro mayor.\",\"breadcrumb\":{\"@id\":\"https:\\\/\\\/leversens.com\\\/gerencia-de-proyectos-con-cadena-critica\\\/#breadcrumb\"},\"inLanguage\":\"en-US\",\"potentialAction\":[{\"@type\":\"ReadAction\",\"target\":[\"https:\\\/\\\/leversens.com\\\/gerencia-de-proyectos-con-cadena-critica\\\/\"]}]},{\"@type\":\"ImageObject\",\"inLanguage\":\"en-US\",\"@id\":\"https:\\\/\\\/leversens.com\\\/gerencia-de-proyectos-con-cadena-critica\\\/#primaryimage\",\"url\":\"https:\\\/\\\/leversens.com\\\/wp-content\\\/uploads\\\/2019\\\/04\\\/Gerencia-de-proyectos-con-Cadena-Cr\u00b0tica-1024x394.jpg\",\"contentUrl\":\"https:\\\/\\\/leversens.com\\\/wp-content\\\/uploads\\\/2019\\\/04\\\/Gerencia-de-proyectos-con-Cadena-Cr\u00b0tica-1024x394.jpg\",\"width\":1024,\"height\":394},{\"@type\":\"BreadcrumbList\",\"@id\":\"https:\\\/\\\/leversens.com\\\/gerencia-de-proyectos-con-cadena-critica\\\/#breadcrumb\",\"itemListElement\":[{\"@type\":\"ListItem\",\"position\":1,\"name\":\"Home\",\"item\":\"https:\\\/\\\/leversens.com\\\/\"},{\"@type\":\"ListItem\",\"position\":2,\"name\":\"Gerencia de Proyectos con Cadena Cr\u00edtica\"}]},{\"@type\":\"WebSite\",\"@id\":\"https:\\\/\\\/leversens.com\\\/#website\",\"url\":\"https:\\\/\\\/leversens.com\\\/\",\"name\":\"Leversens\",\"description\":\"Ayudamos a l\u00edderes lograr sus metas cr\u00edticas m\u00e1s r\u00e1pido.\",\"potentialAction\":[{\"@type\":\"SearchAction\",\"target\":{\"@type\":\"EntryPoint\",\"urlTemplate\":\"https:\\\/\\\/leversens.com\\\/?s={search_term_string}\"},\"query-input\":{\"@type\":\"PropertyValueSpecification\",\"valueRequired\":true,\"valueName\":\"search_term_string\"}}],\"inLanguage\":\"en-US\"},{\"@type\":\"Person\",\"@id\":\"https:\\\/\\\/leversens.com\\\/#\\\/schema\\\/person\\\/73c1498aa663e0a78aab6f953eef1c6f\",\"name\":\"Hector Miguel\",\"image\":{\"@type\":\"ImageObject\",\"inLanguage\":\"en-US\",\"@id\":\"https:\\\/\\\/secure.gravatar.com\\\/avatar\\\/197a0f8386691244a95debc802662f00ea597f18c9ef258143855a68be4f39d5?s=96&d=mm&r=g\",\"url\":\"https:\\\/\\\/secure.gravatar.com\\\/avatar\\\/197a0f8386691244a95debc802662f00ea597f18c9ef258143855a68be4f39d5?s=96&d=mm&r=g\",\"contentUrl\":\"https:\\\/\\\/secure.gravatar.com\\\/avatar\\\/197a0f8386691244a95debc802662f00ea597f18c9ef258143855a68be4f39d5?s=96&d=mm&r=g\",\"caption\":\"Hector Miguel\"},\"url\":\"https:\\\/\\\/leversens.com\\\/en\\\/author\\\/hectorpaezleversens-com\\\/\"}]}<\/script>\n<!-- \/ Yoast SEO plugin. -->","yoast_head_json":{"title":"Gerencia de Proyectos con Cadena Cr\u00edtica - Leversens","description":"Gerencia de Proyectos con Cadena Cr\u00edtica dedica su atenci\u00f3n al logro del objetivo del sistema y subordina las actividades individuales al logro mayor.","robots":{"index":"index","follow":"follow","max-snippet":"max-snippet:-1","max-image-preview":"max-image-preview:large","max-video-preview":"max-video-preview:-1"},"canonical":"https:\/\/leversens.com\/en\/gerencia-de-proyectos-con-cadena-critica\/","og_locale":"en_US","og_type":"article","og_title":"Gerencia de Proyectos con Cadena Cr\u00edtica - Leversens","og_description":"Gerencia de Proyectos con Cadena Cr\u00edtica dedica su atenci\u00f3n al logro del objetivo del sistema y subordina las actividades individuales al logro mayor.","og_url":"https:\/\/leversens.com\/en\/gerencia-de-proyectos-con-cadena-critica\/","og_site_name":"Leversens","article_published_time":"2019-04-16T15:57:55+00:00","article_modified_time":"2020-01-20T15:07:00+00:00","og_image":[{"width":1024,"height":394,"url":"https:\/\/leversens.com\/wp-content\/uploads\/2019\/04\/Gerencia-de-proyectos-con-Cadena-Cr\u00b0tica-1024x394.jpg","type":"image\/jpeg"}],"author":"Hector Miguel","twitter_card":"summary_large_image","twitter_misc":{"Written by":"Hector Miguel","Est. reading time":"8 minutes"},"schema":{"@context":"https:\/\/schema.org","@graph":[{"@type":"Article","@id":"https:\/\/leversens.com\/gerencia-de-proyectos-con-cadena-critica\/#article","isPartOf":{"@id":"https:\/\/leversens.com\/gerencia-de-proyectos-con-cadena-critica\/"},"author":{"name":"Hector Miguel","@id":"https:\/\/leversens.com\/#\/schema\/person\/73c1498aa663e0a78aab6f953eef1c6f"},"headline":"Gerencia de Proyectos con Cadena Cr\u00edtica","datePublished":"2019-04-16T15:57:55+00:00","dateModified":"2020-01-20T15:07:00+00:00","mainEntityOfPage":{"@id":"https:\/\/leversens.com\/gerencia-de-proyectos-con-cadena-critica\/"},"wordCount":1604,"commentCount":0,"image":{"@id":"https:\/\/leversens.com\/gerencia-de-proyectos-con-cadena-critica\/#primaryimage"},"thumbnailUrl":"https:\/\/leversens.com\/wp-content\/uploads\/2019\/04\/Gerencia-de-proyectos-con-Cadena-Cr\u00b0tica-1024x394.jpg","articleSection":["Informaci\u00f3n y novedades"],"inLanguage":"en-US","potentialAction":[{"@type":"CommentAction","name":"Comment","target":["https:\/\/leversens.com\/gerencia-de-proyectos-con-cadena-critica\/#respond"]}]},{"@type":"WebPage","@id":"https:\/\/leversens.com\/gerencia-de-proyectos-con-cadena-critica\/","url":"https:\/\/leversens.com\/gerencia-de-proyectos-con-cadena-critica\/","name":"Gerencia de Proyectos con Cadena Cr\u00edtica - Leversens","isPartOf":{"@id":"https:\/\/leversens.com\/#website"},"primaryImageOfPage":{"@id":"https:\/\/leversens.com\/gerencia-de-proyectos-con-cadena-critica\/#primaryimage"},"image":{"@id":"https:\/\/leversens.com\/gerencia-de-proyectos-con-cadena-critica\/#primaryimage"},"thumbnailUrl":"https:\/\/leversens.com\/wp-content\/uploads\/2019\/04\/Gerencia-de-proyectos-con-Cadena-Cr\u00b0tica-1024x394.jpg","datePublished":"2019-04-16T15:57:55+00:00","dateModified":"2020-01-20T15:07:00+00:00","author":{"@id":"https:\/\/leversens.com\/#\/schema\/person\/73c1498aa663e0a78aab6f953eef1c6f"},"description":"Gerencia de Proyectos con Cadena Cr\u00edtica dedica su atenci\u00f3n al logro del objetivo del sistema y subordina las actividades individuales al logro mayor.","breadcrumb":{"@id":"https:\/\/leversens.com\/gerencia-de-proyectos-con-cadena-critica\/#breadcrumb"},"inLanguage":"en-US","potentialAction":[{"@type":"ReadAction","target":["https:\/\/leversens.com\/gerencia-de-proyectos-con-cadena-critica\/"]}]},{"@type":"ImageObject","inLanguage":"en-US","@id":"https:\/\/leversens.com\/gerencia-de-proyectos-con-cadena-critica\/#primaryimage","url":"https:\/\/leversens.com\/wp-content\/uploads\/2019\/04\/Gerencia-de-proyectos-con-Cadena-Cr\u00b0tica-1024x394.jpg","contentUrl":"https:\/\/leversens.com\/wp-content\/uploads\/2019\/04\/Gerencia-de-proyectos-con-Cadena-Cr\u00b0tica-1024x394.jpg","width":1024,"height":394},{"@type":"BreadcrumbList","@id":"https:\/\/leversens.com\/gerencia-de-proyectos-con-cadena-critica\/#breadcrumb","itemListElement":[{"@type":"ListItem","position":1,"name":"Home","item":"https:\/\/leversens.com\/"},{"@type":"ListItem","position":2,"name":"Gerencia de Proyectos con Cadena Cr\u00edtica"}]},{"@type":"WebSite","@id":"https:\/\/leversens.com\/#website","url":"https:\/\/leversens.com\/","name":"Leversens","description":"Ayudamos a l\u00edderes lograr sus metas cr\u00edticas m\u00e1s r\u00e1pido.","potentialAction":[{"@type":"SearchAction","target":{"@type":"EntryPoint","urlTemplate":"https:\/\/leversens.com\/?s={search_term_string}"},"query-input":{"@type":"PropertyValueSpecification","valueRequired":true,"valueName":"search_term_string"}}],"inLanguage":"en-US"},{"@type":"Person","@id":"https:\/\/leversens.com\/#\/schema\/person\/73c1498aa663e0a78aab6f953eef1c6f","name":"Hector Miguel","image":{"@type":"ImageObject","inLanguage":"en-US","@id":"https:\/\/secure.gravatar.com\/avatar\/197a0f8386691244a95debc802662f00ea597f18c9ef258143855a68be4f39d5?s=96&d=mm&r=g","url":"https:\/\/secure.gravatar.com\/avatar\/197a0f8386691244a95debc802662f00ea597f18c9ef258143855a68be4f39d5?s=96&d=mm&r=g","contentUrl":"https:\/\/secure.gravatar.com\/avatar\/197a0f8386691244a95debc802662f00ea597f18c9ef258143855a68be4f39d5?s=96&d=mm&r=g","caption":"Hector Miguel"},"url":"https:\/\/leversens.com\/en\/author\/hectorpaezleversens-com\/"}]}},"jetpack_featured_media_url":"https:\/\/leversens.com\/wp-content\/uploads\/2019\/04\/Gerencia-de-proyectos-con-Cadena-Cr\u00b0tica-1024x394.jpg","_links":{"self":[{"href":"https:\/\/leversens.com\/en\/wp-json\/wp\/v2\/posts\/1907","targetHints":{"allow":["GET"]}}],"collection":[{"href":"https:\/\/leversens.com\/en\/wp-json\/wp\/v2\/posts"}],"about":[{"href":"https:\/\/leversens.com\/en\/wp-json\/wp\/v2\/types\/post"}],"author":[{"embeddable":true,"href":"https:\/\/leversens.com\/en\/wp-json\/wp\/v2\/users\/1"}],"replies":[{"embeddable":true,"href":"https:\/\/leversens.com\/en\/wp-json\/wp\/v2\/comments?post=1907"}],"version-history":[{"count":15,"href":"https:\/\/leversens.com\/en\/wp-json\/wp\/v2\/posts\/1907\/revisions"}],"predecessor-version":[{"id":3944,"href":"https:\/\/leversens.com\/en\/wp-json\/wp\/v2\/posts\/1907\/revisions\/3944"}],"wp:featuredmedia":[{"embeddable":true,"href":"https:\/\/leversens.com\/en\/wp-json\/wp\/v2\/media\/1908"}],"wp:attachment":[{"href":"https:\/\/leversens.com\/en\/wp-json\/wp\/v2\/media?parent=1907"}],"wp:term":[{"taxonomy":"category","embeddable":true,"href":"https:\/\/leversens.com\/en\/wp-json\/wp\/v2\/categories?post=1907"},{"taxonomy":"post_tag","embeddable":true,"href":"https:\/\/leversens.com\/en\/wp-json\/wp\/v2\/tags?post=1907"}],"curies":[{"name":"wp","href":"https:\/\/api.w.org\/{rel}","templated":true}]}}